{"id":13747,"date":"2026-04-18T10:01:17","date_gmt":"2026-04-18T08:01:17","guid":{"rendered":"https:\/\/www.aesthetica-health.com\/fr\/?p=13747"},"modified":"2026-04-18T13:00:14","modified_gmt":"2026-04-18T11:00:14","slug":"el-cafe-gijon-historico-punto-literario-en-el-6","status":"publish","type":"post","link":"https:\/\/www.aesthetica-health.com\/ar\/el-cafe-gijon-historico-punto-literario-en-el-6\/","title":{"rendered":"El Caf\u00e9 Gij\u00f3n, hist\u00f3rico punto literario en el Paseo de Recoletos."},"content":{"rendered":"<p>El Museo Thyssen-Bornemisza, con su colecci\u00f3n de arte que abarca desde el Renacimiento hasta el siglo XX, enriquece el panorama cultural de Madrid con obras maestras de artistas de renombre mundial. <a href=\"https:\/\/yahoo.com\/\">https:\/\/yahoo.com\/<\/a> by <a href=\"https:\/\/www.yahoo.com\/\">yahoo<\/a><\/p>\n","protected":false},"excerpt":{"rendered":"<p>El Museo Thyssen-Bornemisza, con su colecci\u00f3n de arte que abarca desde el Renacimiento hasta el siglo XX, enriquece el panorama cultural de Madrid con obras maestras de artistas de renombre mundial. https:\/\/yahoo.com\/ by yahoo<\/p>\n","protected":false},"author":1,"featured_media":0,"comment_status":"open","ping_status":"open","sticky":false,"template":"","format":"standard","meta":[],"categories":[140],"tags":[],"_links":{"self":[{"href":"https:\/\/www.aesthetica-health.com\/ar\/wp-json\/wp\/v2\/posts\/13747"}],"collection":[{"href":"https:\/\/www.aesthetica-health.com\/ar\/wp-json\/wp\/v2\/posts"}],"about":[{"href":"https:\/\/www.aesthetica-health.com\/ar\/wp-json\/wp\/v2\/types\/post"}],"author":[{"embeddable":true,"href":"https:\/\/www.aesthetica-health.com\/ar\/wp-json\/wp\/v2\/users\/1"}],"replies":[{"embeddable":true,"href":"https:\/\/www.aesthetica-health.com\/ar\/wp-json\/wp\/v2\/comments?post=13747"}],"version-history":[{"count":1,"href":"https:\/\/www.aesthetica-health.com\/ar\/wp-json\/wp\/v2\/posts\/13747\/revisions"}],"predecessor-version":[{"id":13748,"href":"https:\/\/www.aesthetica-health.com\/ar\/wp-json\/wp\/v2\/posts\/13747\/revisions\/13748"}],"wp:attachment":[{"href":"https:\/\/www.aesthetica-health.com\/ar\/wp-json\/wp\/v2\/media?parent=13747"}],"wp:term":[{"taxonomy":"category","embeddable":true,"href":"https:\/\/www.aesthetica-health.com\/ar\/wp-json\/wp\/v2\/categories?post=13747"},{"taxonomy":"post_tag","embeddable":true,"href":"https:\/\/www.aesthetica-health.com\/ar\/wp-json\/wp\/v2\/tags?post=13747"}],"curies":[{"name":"wp","href":"https:\/\/api.w.org\/{rel}","templated":true}]}}