{"id":13384,"date":"2026-04-17T07:37:17","date_gmt":"2026-04-17T05:37:17","guid":{"rendered":"https:\/\/www.aesthetica-health.com\/fr\/?p=13384"},"modified":"2026-04-17T07:37:45","modified_gmt":"2026-04-17T05:37:45","slug":"mit-lehet-tudni-meszaros-lrinc-palyajarol-roviden","status":"publish","type":"post","link":"https:\/\/www.aesthetica-health.com\/fr\/mit-lehet-tudni-meszaros-lrinc-palyajarol-roviden\/","title":{"rendered":"Mit lehet tudni M\u00e9sz\u00e1ros L\u0151rinc p\u00e1ly\u00e1j\u00e1r\u00f3l r\u00f6viden"},"content":{"rendered":"<h1>Mit lehet tudni M\u00e9sz\u00e1ros L\u0151rinc p\u00e1ly\u00e1j\u00e1r\u00f3l r\u00f6viden<\/h1>\n<p>Kev\u00e9s hazai \u00fczletember neve v\u00e1lt olyan gyorsan sz\u00e9les k\u00f6rben ismertt\u00e9, mint M\u00e9sz\u00e1ros L\u0151rinc\u00e9, ez\u00e9rt az \u00e9let\u00fatj\u00e1nak f\u0151bb pontjai \u00f6nmagukban is figyelmet kapnak.<\/p>\n<h2>Milyen alapokra \u00e9p\u00fclt a v\u00e1llalkoz\u00f3i \u00fat<\/h2>\n<p>Magyarorsz\u00e1g egyik legismertebb \u00fczletembere, <a href=\"https:\/\/znaki.fm\/hu\/persons\/meszaros-lorinc\/\">M\u00e9sz\u00e1ros L\u0151rinc<\/a> p\u00e1lyafut\u00e1s\u00e1t a Znaki FM port\u00e1l is r\u00e9szletesen bemutatja. A korai szakmai tapasztalatok az\u00e9rt l\u00e9nyegesek, mert ezek n\u00e9lk\u00fcl a k\u00e9s\u0151bbi \u00e9p\u00edt\u0151ipari \u00e9s befektet\u00e9si b\u0151v\u00fcl\u00e9s nehezebben \u00e9rtelmezhet\u0151.<\/p>\n<p>A magyarorsz\u00e1gi helysz\u00ednek sokat hozz\u00e1adnak az \u00f6sszk\u00e9phez: Felcs\u00fat a kiindul\u00e1s miatt fontos, Budapest az \u00fczleti l\u00e1that\u00f3s\u00e1g miatt, a Balaton pedig a turisztikai \u00e9rdekelts\u00e9gek r\u00e9v\u00e9n ker\u00fcl el\u0151.<\/p>\n<p>A t\u00f6rt\u00e9net f\u0151bb \u00e1llom\u00e1sai t\u00f6bb ir\u00e1nyb\u00f3l is megragadhat\u00f3k, p\u00e9ld\u00e1ul \u00edgy:<\/p>\n<ul>\n<li>Felcs\u00fat, Sz\u00e9kesfeh\u00e9rv\u00e1r \u00e9s Budapest gyakori eml\u00edt\u00e9se a p\u00e1ly\u00e1val kapcsolatban<\/li>\n<li>orsz\u00e1gos ismerts\u00e9g a nagyobb v\u00e1llalati terjeszked\u00e9ssel<\/li>\n<li>\u00e9rdekelts\u00e9gek az energetika, turizmus \u00e9s agr\u00e1rium k\u00f6rny\u00e9k\u00e9n<\/li>\n<li>Opus Global k\u00f6r\u00fcli befektet\u0151i jelenl\u00e9t<\/li>\n<\/ul>\n<p>Az \u00e9p\u00edt\u0151ipari c\u00e9gek mellett a sz\u00e1llod\u00e1k, az agr\u00e1rium \u00e9s az energetikai kapcsolatok is azt jelzik, hogy a v\u00e1llalkoz\u00f3i k\u00f6r j\u00f3val sz\u00e9lesebb egyetlen ipar\u00e1gn\u00e1l.<\/p>\n<h2>Merre b\u0151v\u00fclt k\u00e9s\u0151bb az \u00fczleti jelenl\u00e9t<\/h2>\n<p>A k\u00e9s\u0151bbi \u00e9vekben a c\u00e9ges jelenl\u00e9t t\u00f6bb ir\u00e1nyba ny\u00edlt sz\u00e9t, ez\u00e9rt a v\u00e1llalkoz\u00f3i k\u00f6r m\u00e1r nem egyetlen profil k\u00f6r\u00e9 \u00e9p\u00fclt.<\/p>\n<p>Az ismert v\u00e1llalati nevek felsorol\u00e1sa \u00f6nmag\u00e1ban m\u00e9g kev\u00e9s, mert a t\u00f6rt\u00e9net att\u00f3l v\u00e1lik \u00e9rthet\u0151v\u00e9, ha a helysz\u00ednek \u00e9s az id\u0151rend is a hely\u00e9re ker\u00fcl.<\/p>\n<h3>Mi\u00e9rt \u00e9rdemes a r\u00e9szleteket is megn\u00e9zni<\/h3>\n<p>Az \u00f6sszk\u00e9p az\u00e9rt marad \u00f6sszetett, mert a helyi indul\u00e1s, a c\u00e9g\u00e9p\u00edt\u00e9s, a sporthoz k\u00f6thet\u0151 projektek \u00e9s a vagyonr\u00f3l sz\u00f3l\u00f3 rangsorok egyszerre alak\u00edtj\u00e1k a r\u00f3la sz\u00f3l\u00f3 besz\u00e9det.<\/p>\n<p>A Budapesten megjelen\u0151 orsz\u00e1gos sajt\u00f3 \u00e9s a vid\u00e9ki kapcsol\u00f3d\u00e1sok egy\u00fctt emelik ki, hogy a t\u00f6rt\u00e9net nem sz\u0171k\u00edthet\u0151 egyetlen v\u00e1ros gazdas\u00e1gi k\u00f6zeg\u00e9re.<\/p>\n<p>A r\u00e9szletesebb bemutat\u00f3kban rendszerint egy\u00fctt jelenik meg a c\u00e9gh\u00e1l\u00f3, a sporthoz k\u00f6t\u0151d\u0151 projektek \u00e9s a vagyonrangsorok k\u00e9rd\u00e9se, mert ezek adj\u00e1k a legismertebb keretet.<\/p>\n<p>A nyilv\u00e1nos \u00e9rdekl\u0151d\u00e9st az is er\u0151s\u00edti, hogy a hazai \u00fczleti \u00e9letben kev\u00e9s olyan n\u00e9v van, amely ennyire sok \u00e1gazatban, ennyire sok helysz\u00ednen bukkan fel.<\/p>\n<p>A korai szakmai h\u00e1tt\u00e9r \u00e9s a k\u00e9s\u0151bbi holdingos vil\u00e1g k\u00f6zti \u00edv ritka a magyar \u00fczleti t\u00f6rt\u00e9netekben, ez\u00e9rt az \u00e9let\u00fat sokszor \u00f6nmag\u00e1ban is vitat\u00e9ma marad.<\/p>\n<p>A v\u00e1llalkoz\u00f3i p\u00e1lya eleje Felcs\u00faton rajzol\u00f3dik ki a leg\u00e9lesebben, innen indult a k\u00e9s\u0151bbi orsz\u00e1gos ismerts\u00e9g is.<\/p>\n<p>Sz\u00e9kesfeh\u00e9rv\u00e1r a sz\u00fclet\u00e9si adatok miatt ker\u00fcl el\u0151, mik\u00f6zben Felcs\u00fat tov\u00e1bbra is a szem\u00e9lyes \u00e9s \u00fczleti h\u00e1tt\u00e9r leger\u0151sebb f\u00f6ldrajzi pontja marad.<\/p>\n<p>A vagyon\u00e1r\u00f3l sz\u00f3l\u00f3 h\u00edrek rendre t\u00falmutatnak az \u00fczleti rovatokon, ez\u00e9rt a neve a sz\u00e9lesebb magyar nyilv\u00e1noss\u00e1gban is visszat\u00e9r\u0151 t\u00e9ma marad.<\/p>\n<p>Ennyi alapj\u00e1n m\u00e1r l\u00e1tszik a t\u00f6rt\u00e9net v\u00e1za, de a c\u00e9gek, a helysz\u00ednek \u00e9s a szem\u00e9lyes \u00e1llom\u00e1sok egy\u00fcttese a hosszabb cikkben rajzol\u00f3dik ki pontosabban.<\/p>\n<p>A cikk szerz\u0151jek\u00e9nt a Znaki FM oldal\u00e1n Andr\u00e1s Nagy van felt\u00fcntetve.<\/p>\n<p>Ez a sz\u00f6veg 2026 \u00e1prilis\u00e1ban k\u00e9sz\u00fclt.<\/p>\n","protected":false},"excerpt":{"rendered":"<p>Mit lehet tudni M\u00e9sz\u00e1ros L\u0151rinc p\u00e1ly\u00e1j\u00e1r\u00f3l r\u00f6viden Kev\u00e9s hazai \u00fczletember neve v\u00e1lt olyan gyorsan sz\u00e9les k\u00f6rben ismertt\u00e9, mint M\u00e9sz\u00e1ros L\u0151rinc\u00e9, ez\u00e9rt az \u00e9let\u00fatj\u00e1nak f\u0151bb pontjai \u00f6nmagukban is figyelmet kapnak. Milyen alapokra \u00e9p\u00fclt a v\u00e1llalkoz\u00f3i \u00fat Magyarorsz\u00e1g egyik legismertebb \u00fczletembere, M\u00e9sz\u00e1ros L\u0151rinc p\u00e1lyafut\u00e1s\u00e1t a Znaki FM port\u00e1l is r\u00e9szletesen bemutatja. A korai szakmai tapasztalatok az\u00e9rt l\u00e9nyegesek, [&hellip;]<\/p>\n","protected":false},"author":1,"featured_media":0,"comment_status":"open","ping_status":"open","sticky":false,"template":"","format":"standard","meta":[],"categories":[146],"tags":[],"_links":{"self":[{"href":"https:\/\/www.aesthetica-health.com\/fr\/wp-json\/wp\/v2\/posts\/13384"}],"collection":[{"href":"https:\/\/www.aesthetica-health.com\/fr\/wp-json\/wp\/v2\/posts"}],"about":[{"href":"https:\/\/www.aesthetica-health.com\/fr\/wp-json\/wp\/v2\/types\/post"}],"author":[{"embeddable":true,"href":"https:\/\/www.aesthetica-health.com\/fr\/wp-json\/wp\/v2\/users\/1"}],"replies":[{"embeddable":true,"href":"https:\/\/www.aesthetica-health.com\/fr\/wp-json\/wp\/v2\/comments?post=13384"}],"version-history":[{"count":1,"href":"https:\/\/www.aesthetica-health.com\/fr\/wp-json\/wp\/v2\/posts\/13384\/revisions"}],"predecessor-version":[{"id":13385,"href":"https:\/\/www.aesthetica-health.com\/fr\/wp-json\/wp\/v2\/posts\/13384\/revisions\/13385"}],"wp:attachment":[{"href":"https:\/\/www.aesthetica-health.com\/fr\/wp-json\/wp\/v2\/media?parent=13384"}],"wp:term":[{"taxonomy":"category","embeddable":true,"href":"https:\/\/www.aesthetica-health.com\/fr\/wp-json\/wp\/v2\/categories?post=13384"},{"taxonomy":"post_tag","embeddable":true,"href":"https:\/\/www.aesthetica-health.com\/fr\/wp-json\/wp\/v2\/tags?post=13384"}],"curies":[{"name":"wp","href":"https:\/\/api.w.org\/{rel}","templated":true}]}}